{"id":10611,"date":"2020-04-03T05:30:00","date_gmt":"2020-04-03T05:30:00","guid":{"rendered":"http:\/\/www.fantasticaficcion.com\/?p=10611"},"modified":"2020-03-10T11:30:38","modified_gmt":"2020-03-10T11:30:38","slug":"portada-de-brother-red","status":"publish","type":"post","link":"https:\/\/www.fantasticaficcion.com\/index.php\/portada-de-brother-red\/","title":{"rendered":"Portada de Brother Red"},"content":{"rendered":"\n<p>Me entero a trav\u00e9s de la cuenta de Twitter de Alexander Pa\u00e9z que ya se ha desvelado la portada de la nueva obra de Adrian Selby, titulada <strong><em>Brother Red<\/em><\/strong>. El libro saldr\u00e1 a la venta el 10 de diciembre. Aunque mi relaci\u00f3n con el autor ha sufrido <a href=\"https:\/\/www.fantasticaficcion.com\/index.php\/the-winter-road\/\">altibajos<\/a>, la verdad es que la ilustraci\u00f3n es maravillosa, dise\u00f1ada por Lauren Panepinto e ilustrada por Jaime Jones.<\/p>\n\n\n\n<figure class=\"wp-block-image size-large\"><img loading=\"lazy\" decoding=\"async\" width=\"665\" height=\"1024\" src=\"https:\/\/www.fantasticaficcion.com\/wp-content\/uploads\/2020\/03\/Brother-Red-Adrian-Selby-scaled-2-665x1024.jpg\" alt=\"\" class=\"wp-image-10613\" srcset=\"https:\/\/www.fantasticaficcion.com\/wp-content\/uploads\/2020\/03\/Brother-Red-Adrian-Selby-scaled-2-665x1024.jpg 665w, https:\/\/www.fantasticaficcion.com\/wp-content\/uploads\/2020\/03\/Brother-Red-Adrian-Selby-scaled-2-195x300.jpg 195w, https:\/\/www.fantasticaficcion.com\/wp-content\/uploads\/2020\/03\/Brother-Red-Adrian-Selby-scaled-2-768x1183.jpg 768w, https:\/\/www.fantasticaficcion.com\/wp-content\/uploads\/2020\/03\/Brother-Red-Adrian-Selby-scaled-2-997x1536.jpg 997w, https:\/\/www.fantasticaficcion.com\/wp-content\/uploads\/2020\/03\/Brother-Red-Adrian-Selby-scaled-2.jpg 1329w\" sizes=\"auto, (max-width: 665px) 100vw, 665px\" \/><\/figure>\n","protected":false},"excerpt":{"rendered":"<p>Me entero a trav\u00e9s de la cuenta de Twitter de Alexander Pa\u00e9z que ya se ha desvelado la portada de la nueva obra de Adrian Selby, titulada Brother Red. El libro saldr\u00e1 a la venta el 10 de diciembre. Aunque mi relaci\u00f3n con el autor ha sufrido altibajos, la verdad es que la ilustraci\u00f3n es &hellip; <\/p>\n<p class=\"link-more\"><a href=\"https:\/\/www.fantasticaficcion.com\/index.php\/portada-de-brother-red\/\" class=\"more-link\">Continuar leyendo<span class=\"screen-reader-text\"> &#8220;Portada de Brother Red&#8221;<\/span><\/a><\/p>\n","protected":false},"author":1,"featured_media":10613,"comment_status":"open","ping_status":"open","sticky":false,"template":"","format":"standard","meta":{"jetpack_post_was_ever_published":false,"_jetpack_newsletter_access":"","_jetpack_dont_email_post_to_subs":false,"_jetpack_newsletter_tier_id":0,"_jetpack_memberships_contains_paywalled_content":false,"_jetpack_memberships_contains_paid_content":false,"footnotes":""},"categories":[830,5],"tags":[702,96],"class_list":["post-10611","post","type-post","status-publish","format-standard","has-post-thumbnail","hentry","category-artistas","category-fantasia","tag-adrian-selby","tag-portadas"],"jetpack_featured_media_url":"https:\/\/www.fantasticaficcion.com\/wp-content\/uploads\/2020\/03\/Brother-Red-Adrian-Selby-scaled-2.jpg","jetpack_shortlink":"https:\/\/wp.me\/p5fEpk-2L9","jetpack_sharing_enabled":true,"_links":{"self":[{"href":"https:\/\/www.fantasticaficcion.com\/index.php\/wp-json\/wp\/v2\/posts\/10611","targetHints":{"allow":["GET"]}}],"collection":[{"href":"https:\/\/www.fantasticaficcion.com\/index.php\/wp-json\/wp\/v2\/posts"}],"about":[{"href":"https:\/\/www.fantasticaficcion.com\/index.php\/wp-json\/wp\/v2\/types\/post"}],"author":[{"embeddable":true,"href":"https:\/\/www.fantasticaficcion.com\/index.php\/wp-json\/wp\/v2\/users\/1"}],"replies":[{"embeddable":true,"href":"https:\/\/www.fantasticaficcion.com\/index.php\/wp-json\/wp\/v2\/comments?post=10611"}],"version-history":[{"count":1,"href":"https:\/\/www.fantasticaficcion.com\/index.php\/wp-json\/wp\/v2\/posts\/10611\/revisions"}],"predecessor-version":[{"id":10614,"href":"https:\/\/www.fantasticaficcion.com\/index.php\/wp-json\/wp\/v2\/posts\/10611\/revisions\/10614"}],"wp:featuredmedia":[{"embeddable":true,"href":"https:\/\/www.fantasticaficcion.com\/index.php\/wp-json\/wp\/v2\/media\/10613"}],"wp:attachment":[{"href":"https:\/\/www.fantasticaficcion.com\/index.php\/wp-json\/wp\/v2\/media?parent=10611"}],"wp:term":[{"taxonomy":"category","embeddable":true,"href":"https:\/\/www.fantasticaficcion.com\/index.php\/wp-json\/wp\/v2\/categories?post=10611"},{"taxonomy":"post_tag","embeddable":true,"href":"https:\/\/www.fantasticaficcion.com\/index.php\/wp-json\/wp\/v2\/tags?post=10611"}],"curies":[{"name":"wp","href":"https:\/\/api.w.org\/{rel}","templated":true}]}}