{"id":10543,"date":"2020-03-18T05:30:00","date_gmt":"2020-03-18T05:30:00","guid":{"rendered":"http:\/\/www.fantasticaficcion.com\/?p=10543"},"modified":"2020-02-14T07:26:48","modified_gmt":"2020-02-14T07:26:48","slug":"portada-de-the-alien-stars","status":"publish","type":"post","link":"https:\/\/www.fantasticaficcion.com\/index.php\/portada-de-the-alien-stars\/","title":{"rendered":"Portada de The Alien Stars"},"content":{"rendered":"\n<p>Tim Pratt, a quien tendremos la suerte de tener en Espa\u00f1a este a\u00f1o en el festival Celsius, ha publicado la que ser\u00e1 portada de su nuevo recopilatorio de novelas cortas, titulado <strong><em>The Alien Stars<\/em><\/strong>. La publicaci\u00f3n se financiar\u00e1 a trav\u00e9s de Kickstarter.<\/p>\n\n\n\n<p>Las tres historias que contendr\u00e1 est\u00e1n situadas en el mismo universo que <strong><em><a href=\"https:\/\/www.fantasticaficcion.com\/index.php\/the-wrong-stars\/\">The Wrong Stars<\/a><\/em><\/strong>.<\/p>\n\n\n\n<p>Esta es la portada:<\/p>\n\n\n\n<figure class=\"wp-block-image size-large\"><img loading=\"lazy\" decoding=\"async\" width=\"683\" height=\"1024\" src=\"https:\/\/www.fantasticaficcion.com\/wp-content\/uploads\/2020\/02\/the-alien-stars-683x1024.png\" alt=\"\" class=\"wp-image-10544\" srcset=\"https:\/\/www.fantasticaficcion.com\/wp-content\/uploads\/2020\/02\/the-alien-stars-683x1024.png 683w, https:\/\/www.fantasticaficcion.com\/wp-content\/uploads\/2020\/02\/the-alien-stars-200x300.png 200w, https:\/\/www.fantasticaficcion.com\/wp-content\/uploads\/2020\/02\/the-alien-stars-768x1152.png 768w, https:\/\/www.fantasticaficcion.com\/wp-content\/uploads\/2020\/02\/the-alien-stars.png 800w\" sizes=\"auto, (max-width: 683px) 100vw, 683px\" \/><\/figure>\n","protected":false},"excerpt":{"rendered":"<p>Tim Pratt, a quien tendremos la suerte de tener en Espa\u00f1a este a\u00f1o en el festival Celsius, ha publicado la que ser\u00e1 portada de su nuevo recopilatorio de novelas cortas, titulado The Alien Stars. La publicaci\u00f3n se financiar\u00e1 a trav\u00e9s de Kickstarter. Las tres historias que contendr\u00e1 est\u00e1n situadas en el mismo universo que The &hellip; <\/p>\n<p class=\"link-more\"><a href=\"https:\/\/www.fantasticaficcion.com\/index.php\/portada-de-the-alien-stars\/\" class=\"more-link\">Continuar leyendo<span class=\"screen-reader-text\"> &#8220;Portada de The Alien Stars&#8221;<\/span><\/a><\/p>\n","protected":false},"author":1,"featured_media":10544,"comment_status":"open","ping_status":"open","sticky":false,"template":"","format":"standard","meta":{"jetpack_post_was_ever_published":false,"_jetpack_newsletter_access":"","_jetpack_dont_email_post_to_subs":false,"_jetpack_newsletter_tier_id":0,"_jetpack_memberships_contains_paywalled_content":false,"_jetpack_memberships_contains_paid_content":false,"footnotes":""},"categories":[10],"tags":[190,96,261],"class_list":["post-10543","post","type-post","status-publish","format-standard","has-post-thumbnail","hentry","category-ciencia-ficcion-2","tag-noticias","tag-portadas","tag-tim-pratt"],"jetpack_featured_media_url":"https:\/\/www.fantasticaficcion.com\/wp-content\/uploads\/2020\/02\/the-alien-stars.png","jetpack_shortlink":"https:\/\/wp.me\/p5fEpk-2K3","jetpack_sharing_enabled":true,"_links":{"self":[{"href":"https:\/\/www.fantasticaficcion.com\/index.php\/wp-json\/wp\/v2\/posts\/10543","targetHints":{"allow":["GET"]}}],"collection":[{"href":"https:\/\/www.fantasticaficcion.com\/index.php\/wp-json\/wp\/v2\/posts"}],"about":[{"href":"https:\/\/www.fantasticaficcion.com\/index.php\/wp-json\/wp\/v2\/types\/post"}],"author":[{"embeddable":true,"href":"https:\/\/www.fantasticaficcion.com\/index.php\/wp-json\/wp\/v2\/users\/1"}],"replies":[{"embeddable":true,"href":"https:\/\/www.fantasticaficcion.com\/index.php\/wp-json\/wp\/v2\/comments?post=10543"}],"version-history":[{"count":1,"href":"https:\/\/www.fantasticaficcion.com\/index.php\/wp-json\/wp\/v2\/posts\/10543\/revisions"}],"predecessor-version":[{"id":10545,"href":"https:\/\/www.fantasticaficcion.com\/index.php\/wp-json\/wp\/v2\/posts\/10543\/revisions\/10545"}],"wp:featuredmedia":[{"embeddable":true,"href":"https:\/\/www.fantasticaficcion.com\/index.php\/wp-json\/wp\/v2\/media\/10544"}],"wp:attachment":[{"href":"https:\/\/www.fantasticaficcion.com\/index.php\/wp-json\/wp\/v2\/media?parent=10543"}],"wp:term":[{"taxonomy":"category","embeddable":true,"href":"https:\/\/www.fantasticaficcion.com\/index.php\/wp-json\/wp\/v2\/categories?post=10543"},{"taxonomy":"post_tag","embeddable":true,"href":"https:\/\/www.fantasticaficcion.com\/index.php\/wp-json\/wp\/v2\/tags?post=10543"}],"curies":[{"name":"wp","href":"https:\/\/api.w.org\/{rel}","templated":true}]}}