{"id":10471,"date":"2020-02-25T05:30:00","date_gmt":"2020-02-25T05:30:00","guid":{"rendered":"http:\/\/www.fantasticaficcion.com\/?p=10471"},"modified":"2020-01-27T13:53:16","modified_gmt":"2020-01-27T13:53:16","slug":"portada-de-ravencaller","status":"publish","type":"post","link":"https:\/\/www.fantasticaficcion.com\/index.php\/portada-de-ravencaller\/","title":{"rendered":"Portada de Ravencaller"},"content":{"rendered":"\n<p>En marzo de 2020 Orbit publicar\u00e1 <strong><em><a href=\"https:\/\/www.orbitbooks.net\/2020\/01\/24\/cover-launch-ravencaller\/\">Ravencaller<\/a><\/em><\/strong>, la segunda parte de <strong><em>Soulkeeper<\/em><\/strong>. Y ya sabemos cu\u00e1l ser\u00e1 la portada, con dise\u00f1o de Lauren Panepinto sobre ilustraci\u00f3n de Paul Scott Canavan:<\/p>\n\n\n\n<figure class=\"wp-block-image size-large\"><img loading=\"lazy\" decoding=\"async\" width=\"664\" height=\"1024\" src=\"https:\/\/www.fantasticaficcion.com\/wp-content\/uploads\/2020\/01\/Dalglish_Ravencaller_TP-768x1184-1-664x1024.jpg\" alt=\"\" class=\"wp-image-10472\" srcset=\"https:\/\/www.fantasticaficcion.com\/wp-content\/uploads\/2020\/01\/Dalglish_Ravencaller_TP-768x1184-1-664x1024.jpg 664w, https:\/\/www.fantasticaficcion.com\/wp-content\/uploads\/2020\/01\/Dalglish_Ravencaller_TP-768x1184-1-195x300.jpg 195w, https:\/\/www.fantasticaficcion.com\/wp-content\/uploads\/2020\/01\/Dalglish_Ravencaller_TP-768x1184-1.jpg 768w\" sizes=\"auto, (max-width: 664px) 100vw, 664px\" \/><\/figure>\n\n\n\n<p>Esta es la sinopsis:<\/p>\n\n\n\n<blockquote class=\"wp-block-quote is-layout-flow wp-block-quote-is-layout-flow\"><p><strong><em>When ancient magic suddenly returns to his land, a warrior priest must protect his world from monsters that were once only legend in the second book of\u00a0USA Today\u00a0bestseller David Dalglish\u2019s epic fantasy trilogy.<\/em><\/strong><\/p><p><em>Magical creatures are attacking the capital city, seeking to retake what was once theirs, and no one is safe. Ancient cultists have cursed the highest members of the Church, turning them into twisted abominations. The only hope for a cure lies with Adria Eveson. To learn the cure, she must befriend an imprisoned cultist, and guard her heart against his seductive promises and twisted logic.\u00a0<\/em><\/p><p><em>The fate of all races, human and magical, rests in her hands, and in the choices she makes. Should she choose wrong, only one person stands in her way: her brother, the Soulkeeper Devin Eveson.<\/em><\/p><\/blockquote>\n\n\n\n<p>Y mi traducci\u00f3n:<\/p>\n\n\n\n<blockquote class=\"wp-block-quote is-layout-flow wp-block-quote-is-layout-flow\"><p>Cuando la magia antigua vuelve por sorpresa a su tierra, un monje guerrero debe proteger su mundo de los monstruos que antes eran solo una leyenda en este segundo libro del bestseller David Dalglish.<\/p><p>Las criaturas m\u00e1gicas est\u00e1n atacando la capital, buscando reconquistar lo que fue suyo y nadie est\u00e1 a salvo. Antiguos cultistas han maldito a los m\u00e1s altos miembros de la Iglesia, volvi\u00e9ndoles retorcidas abominaciones.  La \u00fanica esperanza para una cura la tiene Adria Eveson. Para conseguir la cura, debe entablar amistad con un cultista prisionero y proteger su coraz\u00f3n contra las seductoras promesas de su l\u00f3gica retorcida.<\/p><p>El destino de todas las razas, humanas y m\u00e1gicas, est\u00e1 en sus manos y en las decisiones que tome. Si se equivoca, solo una persona estar\u00e1 en su camino: su hermano el Soulkeeper Devin Eveson.<\/p><\/blockquote>\n","protected":false},"excerpt":{"rendered":"<p>En marzo de 2020 Orbit publicar\u00e1 Ravencaller, la segunda parte de Soulkeeper. Y ya sabemos cu\u00e1l ser\u00e1 la portada, con dise\u00f1o de Lauren Panepinto sobre ilustraci\u00f3n de Paul Scott Canavan: Esta es la sinopsis: When ancient magic suddenly returns to his land, a warrior priest must protect his world from monsters that were once only &hellip; <\/p>\n<p class=\"link-more\"><a href=\"https:\/\/www.fantasticaficcion.com\/index.php\/portada-de-ravencaller\/\" class=\"more-link\">Continuar leyendo<span class=\"screen-reader-text\"> &#8220;Portada de Ravencaller&#8221;<\/span><\/a><\/p>\n","protected":false},"author":1,"featured_media":10472,"comment_status":"open","ping_status":"open","sticky":false,"template":"","format":"standard","meta":{"jetpack_post_was_ever_published":false,"_jetpack_newsletter_access":"","_jetpack_dont_email_post_to_subs":false,"_jetpack_newsletter_tier_id":0,"_jetpack_memberships_contains_paywalled_content":false,"_jetpack_memberships_contains_paid_content":false,"footnotes":""},"categories":[5],"tags":[1241,190,96],"class_list":["post-10471","post","type-post","status-publish","format-standard","has-post-thumbnail","hentry","category-fantasia","tag-david-dalglish","tag-noticias","tag-portadas"],"jetpack_featured_media_url":"https:\/\/www.fantasticaficcion.com\/wp-content\/uploads\/2020\/01\/Dalglish_Ravencaller_TP-768x1184-1.jpg","jetpack_shortlink":"https:\/\/wp.me\/p5fEpk-2IT","jetpack_sharing_enabled":true,"_links":{"self":[{"href":"https:\/\/www.fantasticaficcion.com\/index.php\/wp-json\/wp\/v2\/posts\/10471","targetHints":{"allow":["GET"]}}],"collection":[{"href":"https:\/\/www.fantasticaficcion.com\/index.php\/wp-json\/wp\/v2\/posts"}],"about":[{"href":"https:\/\/www.fantasticaficcion.com\/index.php\/wp-json\/wp\/v2\/types\/post"}],"author":[{"embeddable":true,"href":"https:\/\/www.fantasticaficcion.com\/index.php\/wp-json\/wp\/v2\/users\/1"}],"replies":[{"embeddable":true,"href":"https:\/\/www.fantasticaficcion.com\/index.php\/wp-json\/wp\/v2\/comments?post=10471"}],"version-history":[{"count":1,"href":"https:\/\/www.fantasticaficcion.com\/index.php\/wp-json\/wp\/v2\/posts\/10471\/revisions"}],"predecessor-version":[{"id":10473,"href":"https:\/\/www.fantasticaficcion.com\/index.php\/wp-json\/wp\/v2\/posts\/10471\/revisions\/10473"}],"wp:featuredmedia":[{"embeddable":true,"href":"https:\/\/www.fantasticaficcion.com\/index.php\/wp-json\/wp\/v2\/media\/10472"}],"wp:attachment":[{"href":"https:\/\/www.fantasticaficcion.com\/index.php\/wp-json\/wp\/v2\/media?parent=10471"}],"wp:term":[{"taxonomy":"category","embeddable":true,"href":"https:\/\/www.fantasticaficcion.com\/index.php\/wp-json\/wp\/v2\/categories?post=10471"},{"taxonomy":"post_tag","embeddable":true,"href":"https:\/\/www.fantasticaficcion.com\/index.php\/wp-json\/wp\/v2\/tags?post=10471"}],"curies":[{"name":"wp","href":"https:\/\/api.w.org\/{rel}","templated":true}]}}