{"id":10397,"date":"2020-01-22T05:30:00","date_gmt":"2020-01-22T05:30:00","guid":{"rendered":"http:\/\/www.fantasticaficcion.com\/?p=10397"},"modified":"2020-01-10T08:40:50","modified_gmt":"2020-01-10T08:40:50","slug":"portada-de-unconquerable-sun","status":"publish","type":"post","link":"https:\/\/www.fantasticaficcion.com\/index.php\/portada-de-unconquerable-sun\/","title":{"rendered":"Portada de Unconquerable Sun"},"content":{"rendered":"\n<p>Kate Elliott ha desvelado en su <em>newsletter <\/em>cu\u00e1l ser\u00e1 la portada de su nueva novela, <strong><em>Unconquerable Sun<\/em><\/strong>, que publicar\u00e1 Tor en julio. El resumen de la historia es simple y atractivo, un <em>retelling <\/em>de la vida de Alejandro Magno con cambio de g\u00e9nero y en el espacio.<\/p>\n\n\n\n<p>Esta es la portada:<\/p>\n\n\n\n<figure class=\"wp-block-image size-large\"><img loading=\"lazy\" decoding=\"async\" width=\"663\" height=\"1024\" src=\"https:\/\/www.fantasticaficcion.com\/wp-content\/uploads\/2020\/01\/unconquerable-663x1024.jpg\" alt=\"\" class=\"wp-image-10398\" srcset=\"https:\/\/www.fantasticaficcion.com\/wp-content\/uploads\/2020\/01\/unconquerable-663x1024.jpg 663w, https:\/\/www.fantasticaficcion.com\/wp-content\/uploads\/2020\/01\/unconquerable-194x300.jpg 194w, https:\/\/www.fantasticaficcion.com\/wp-content\/uploads\/2020\/01\/unconquerable-768x1187.jpg 768w, https:\/\/www.fantasticaficcion.com\/wp-content\/uploads\/2020\/01\/unconquerable-994x1536.jpg 994w, https:\/\/www.fantasticaficcion.com\/wp-content\/uploads\/2020\/01\/unconquerable-1325x2048.jpg 1325w, https:\/\/www.fantasticaficcion.com\/wp-content\/uploads\/2020\/01\/unconquerable.jpg 1650w\" sizes=\"auto, (max-width: 663px) 100vw, 663px\" \/><\/figure>\n","protected":false},"excerpt":{"rendered":"<p>Kate Elliott ha desvelado en su newsletter cu\u00e1l ser\u00e1 la portada de su nueva novela, Unconquerable Sun, que publicar\u00e1 Tor en julio. El resumen de la historia es simple y atractivo, un retelling de la vida de Alejandro Magno con cambio de g\u00e9nero y en el espacio. Esta es la portada:<\/p>\n","protected":false},"author":1,"featured_media":10398,"comment_status":"open","ping_status":"open","sticky":false,"template":"","format":"standard","meta":{"jetpack_post_was_ever_published":false,"_jetpack_newsletter_access":"","_jetpack_dont_email_post_to_subs":false,"_jetpack_newsletter_tier_id":0,"_jetpack_memberships_contains_paywalled_content":false,"_jetpack_memberships_contains_paid_content":false,"footnotes":""},"categories":[10],"tags":[1228,190,96],"class_list":["post-10397","post","type-post","status-publish","format-standard","has-post-thumbnail","hentry","category-ciencia-ficcion-2","tag-kate-elliott","tag-noticias","tag-portadas"],"jetpack_featured_media_url":"https:\/\/www.fantasticaficcion.com\/wp-content\/uploads\/2020\/01\/unconquerable.jpg","jetpack_shortlink":"https:\/\/wp.me\/p5fEpk-2HH","jetpack_sharing_enabled":true,"_links":{"self":[{"href":"https:\/\/www.fantasticaficcion.com\/index.php\/wp-json\/wp\/v2\/posts\/10397","targetHints":{"allow":["GET"]}}],"collection":[{"href":"https:\/\/www.fantasticaficcion.com\/index.php\/wp-json\/wp\/v2\/posts"}],"about":[{"href":"https:\/\/www.fantasticaficcion.com\/index.php\/wp-json\/wp\/v2\/types\/post"}],"author":[{"embeddable":true,"href":"https:\/\/www.fantasticaficcion.com\/index.php\/wp-json\/wp\/v2\/users\/1"}],"replies":[{"embeddable":true,"href":"https:\/\/www.fantasticaficcion.com\/index.php\/wp-json\/wp\/v2\/comments?post=10397"}],"version-history":[{"count":2,"href":"https:\/\/www.fantasticaficcion.com\/index.php\/wp-json\/wp\/v2\/posts\/10397\/revisions"}],"predecessor-version":[{"id":10400,"href":"https:\/\/www.fantasticaficcion.com\/index.php\/wp-json\/wp\/v2\/posts\/10397\/revisions\/10400"}],"wp:featuredmedia":[{"embeddable":true,"href":"https:\/\/www.fantasticaficcion.com\/index.php\/wp-json\/wp\/v2\/media\/10398"}],"wp:attachment":[{"href":"https:\/\/www.fantasticaficcion.com\/index.php\/wp-json\/wp\/v2\/media?parent=10397"}],"wp:term":[{"taxonomy":"category","embeddable":true,"href":"https:\/\/www.fantasticaficcion.com\/index.php\/wp-json\/wp\/v2\/categories?post=10397"},{"taxonomy":"post_tag","embeddable":true,"href":"https:\/\/www.fantasticaficcion.com\/index.php\/wp-json\/wp\/v2\/tags?post=10397"}],"curies":[{"name":"wp","href":"https:\/\/api.w.org\/{rel}","templated":true}]}}