{"id":10373,"date":"2020-01-10T05:30:00","date_gmt":"2020-01-10T05:30:00","guid":{"rendered":"http:\/\/www.fantasticaficcion.com\/?p=10373"},"modified":"2020-01-03T12:18:21","modified_gmt":"2020-01-03T12:18:21","slug":"portada-de-the-year-of-the-witching","status":"publish","type":"post","link":"https:\/\/www.fantasticaficcion.com\/index.php\/portada-de-the-year-of-the-witching\/","title":{"rendered":"Portada de The Year of the Witching"},"content":{"rendered":"\n<p>Aqu\u00ed os traigo la inquietante portada de<a href=\"https:\/\/www.tor.com\/2019\/12\/18\/cover-reveals-alexis-henderson-the-year-of-the-witching\/\"> <strong><em>The Year of the Witching<\/em><\/strong>,<\/a> la primera novela de Alexis Henderson, que Ace Books publicar\u00e1 en julio.<\/p>\n\n\n\n<p>Esta es la sinopsis:<\/p>\n\n\n\n<blockquote class=\"wp-block-quote is-layout-flow wp-block-quote-is-layout-flow\"><p>A young woman living in a rigid, puritanical society discovers dark powers within herself in this stunning, feminist fantasy debut.<\/p><p>In the lands of Bethel, where the Prophet\u2019s word is law, Immanuelle Moore\u2019s very existence is blasphemy. Her mother\u2019s union with an outsider of a different race cast her once-proud family into disgrace, so Immanuelle does her best to worship the Father, follow Holy Protocol, and lead a life of submission, devotion, and absolute conformity, like all the other women in the settlement.<\/p><p>But a mishap lures her into the forbidden Darkwood surrounding Bethel, where the first prophet once chased and killed four powerful witches. Their spirits are still lurking there, and they bestow a gift on Immanuelle: the journal of her dead mother, who Immanuelle is shocked to learn once sought sanctuary in the wood.<\/p><p>Fascinated by the secrets in the diary, Immanuelle finds herself struggling to understand how her mother could have consorted with the witches. But when she begins to learn grim truths about the Church and its history, she realizes the true threat to Bethel is its own darkness. And she starts to understand that if Bethel is to change, it must begin with her.<\/p><\/blockquote>\n\n\n\n<p>Mi traducci\u00f3n:<\/p>\n\n\n\n<blockquote class=\"wp-block-quote is-layout-flow wp-block-quote-is-layout-flow\"><p>Una joven que vive en una sociedad r\u00edgida y puritana descubre que tiene oscuros poderes en esta novela de debut feminista.<\/p><p>En las tierras de Bethel, donde la palabra del Profeta es la ley, la mera existencia de <em>Immanuelle Moore<\/em> es blasfema. La uni\u00f3n de su madre con un extra\u00f1o de una raza diferente ha tra\u00eddo la desgracia su anta\u00f1o orgullosa familia, as\u00ed que <em>Immanuelle <\/em>hace lo posible para adorar al Padre, seguir el Sagrado Protocolo y llevar una vida de sumisi\u00f3n, devoci\u00f3n y absoluta conformidad, como las dem\u00e1s mujeres del asentamiento.<\/p><p>Pero algo se esconde en el bosque prohibido que rodea Bethel donde el primer profeta persigui\u00f3 y mat\u00f3 a cuatro poderosas brujas. Sus esp\u00edritus a\u00fan est\u00e1n presentes y otorgan un regalo a <i>Immanuelle<\/i>, el diario de su madre muerta, en el que descubre que busc\u00f3 asilo en el bosque.<\/p><p>Fascinada por los secretos del diario, <em>Immanuelle <\/em>se encuentra luchando por comprender c\u00f3mo su madre pudo estar en connivencia con las brujas. Pero cuando empieza a conocer la verdadera historia de la Iglesia, comprende que la verdadera amenaza para Bethel es su propia oscuridad. Y comprende que si Bethel debe cambiar, el cambio empezar\u00e1 en ella.<\/p><\/blockquote>\n\n\n\n<p>Esta es la portada:<\/p>\n\n\n\n<figure class=\"wp-block-image size-large\"><img loading=\"lazy\" decoding=\"async\" width=\"677\" height=\"1024\" src=\"https:\/\/www.fantasticaficcion.com\/wp-content\/uploads\/2020\/01\/TheYearoftheWitching_HighRes-FINAL-677x1024.jpg\" alt=\"\" class=\"wp-image-10374\" srcset=\"https:\/\/www.fantasticaficcion.com\/wp-content\/uploads\/2020\/01\/TheYearoftheWitching_HighRes-FINAL-677x1024.jpg 677w, https:\/\/www.fantasticaficcion.com\/wp-content\/uploads\/2020\/01\/TheYearoftheWitching_HighRes-FINAL-198x300.jpg 198w, https:\/\/www.fantasticaficcion.com\/wp-content\/uploads\/2020\/01\/TheYearoftheWitching_HighRes-FINAL-768x1161.jpg 768w, https:\/\/www.fantasticaficcion.com\/wp-content\/uploads\/2020\/01\/TheYearoftheWitching_HighRes-FINAL-1016x1536.jpg 1016w, https:\/\/www.fantasticaficcion.com\/wp-content\/uploads\/2020\/01\/TheYearoftheWitching_HighRes-FINAL.jpg 1100w\" sizes=\"auto, (max-width: 677px) 100vw, 677px\" \/><\/figure>\n","protected":false},"excerpt":{"rendered":"<p>Aqu\u00ed os traigo la inquietante portada de The Year of the Witching, la primera novela de Alexis Henderson, que Ace Books publicar\u00e1 en julio. Esta es la sinopsis: A young woman living in a rigid, puritanical society discovers dark powers within herself in this stunning, feminist fantasy debut. In the lands of Bethel, where the &hellip; <\/p>\n<p class=\"link-more\"><a href=\"https:\/\/www.fantasticaficcion.com\/index.php\/portada-de-the-year-of-the-witching\/\" class=\"more-link\">Continuar leyendo<span class=\"screen-reader-text\"> &#8220;Portada de The Year of the Witching&#8221;<\/span><\/a><\/p>\n","protected":false},"author":1,"featured_media":10374,"comment_status":"open","ping_status":"open","sticky":false,"template":"","format":"standard","meta":{"jetpack_post_was_ever_published":false,"_jetpack_newsletter_access":"","_jetpack_dont_email_post_to_subs":false,"_jetpack_newsletter_tier_id":0,"_jetpack_memberships_contains_paywalled_content":false,"_jetpack_memberships_contains_paid_content":false,"footnotes":""},"categories":[5],"tags":[1225,190,96],"class_list":["post-10373","post","type-post","status-publish","format-standard","has-post-thumbnail","hentry","category-fantasia","tag-alexis-henderson","tag-noticias","tag-portadas"],"jetpack_featured_media_url":"https:\/\/www.fantasticaficcion.com\/wp-content\/uploads\/2020\/01\/TheYearoftheWitching_HighRes-FINAL.jpg","jetpack_shortlink":"https:\/\/wp.me\/p5fEpk-2Hj","jetpack_sharing_enabled":true,"_links":{"self":[{"href":"https:\/\/www.fantasticaficcion.com\/index.php\/wp-json\/wp\/v2\/posts\/10373","targetHints":{"allow":["GET"]}}],"collection":[{"href":"https:\/\/www.fantasticaficcion.com\/index.php\/wp-json\/wp\/v2\/posts"}],"about":[{"href":"https:\/\/www.fantasticaficcion.com\/index.php\/wp-json\/wp\/v2\/types\/post"}],"author":[{"embeddable":true,"href":"https:\/\/www.fantasticaficcion.com\/index.php\/wp-json\/wp\/v2\/users\/1"}],"replies":[{"embeddable":true,"href":"https:\/\/www.fantasticaficcion.com\/index.php\/wp-json\/wp\/v2\/comments?post=10373"}],"version-history":[{"count":1,"href":"https:\/\/www.fantasticaficcion.com\/index.php\/wp-json\/wp\/v2\/posts\/10373\/revisions"}],"predecessor-version":[{"id":10375,"href":"https:\/\/www.fantasticaficcion.com\/index.php\/wp-json\/wp\/v2\/posts\/10373\/revisions\/10375"}],"wp:featuredmedia":[{"embeddable":true,"href":"https:\/\/www.fantasticaficcion.com\/index.php\/wp-json\/wp\/v2\/media\/10374"}],"wp:attachment":[{"href":"https:\/\/www.fantasticaficcion.com\/index.php\/wp-json\/wp\/v2\/media?parent=10373"}],"wp:term":[{"taxonomy":"category","embeddable":true,"href":"https:\/\/www.fantasticaficcion.com\/index.php\/wp-json\/wp\/v2\/categories?post=10373"},{"taxonomy":"post_tag","embeddable":true,"href":"https:\/\/www.fantasticaficcion.com\/index.php\/wp-json\/wp\/v2\/tags?post=10373"}],"curies":[{"name":"wp","href":"https:\/\/api.w.org\/{rel}","templated":true}]}}