{"id":10313,"date":"2019-12-18T05:30:00","date_gmt":"2019-12-18T05:30:00","guid":{"rendered":"http:\/\/www.fantasticaficcion.com\/?p=10313"},"modified":"2019-11-28T13:39:10","modified_gmt":"2019-11-28T13:39:10","slug":"portada-de-two-tribes","status":"publish","type":"post","link":"https:\/\/www.fantasticaficcion.com\/index.php\/portada-de-two-tribes\/","title":{"rendered":"Portada de Two Tribes"},"content":{"rendered":"\n<p>Aqu\u00ed os dejo la portada del nuevo libro de <a href=\"https:\/\/www.fantasticaficcion.com\/index.php\/dark-eden\/\">Chris Beckett,<\/a> que se llamar\u00e1 <strong><em>Two Tribes.<\/em><\/strong><\/p>\n\n\n\n<figure class=\"wp-block-image size-large\"><img loading=\"lazy\" decoding=\"async\" width=\"686\" height=\"1024\" src=\"https:\/\/www.fantasticaficcion.com\/wp-content\/uploads\/2019\/11\/twotribes-686x1024.jpg\" alt=\"\" class=\"wp-image-10314\" srcset=\"https:\/\/www.fantasticaficcion.com\/wp-content\/uploads\/2019\/11\/twotribes-686x1024.jpg 686w, https:\/\/www.fantasticaficcion.com\/wp-content\/uploads\/2019\/11\/twotribes-201x300.jpg 201w, https:\/\/www.fantasticaficcion.com\/wp-content\/uploads\/2019\/11\/twotribes-768x1146.jpg 768w, https:\/\/www.fantasticaficcion.com\/wp-content\/uploads\/2019\/11\/twotribes-1029x1536.jpg 1029w, https:\/\/www.fantasticaficcion.com\/wp-content\/uploads\/2019\/11\/twotribes-1372x2048.jpg 1372w, https:\/\/www.fantasticaficcion.com\/wp-content\/uploads\/2019\/11\/twotribes-scaled.jpg 1715w\" sizes=\"auto, (max-width: 686px) 100vw, 686px\" \/><\/figure>\n\n\n\n<p>El detalle de la bandera es lo que m\u00e1s me llama la atenci\u00f3n. \u00bfQu\u00e9 creeis que significar\u00e1?<\/p>\n","protected":false},"excerpt":{"rendered":"<p>Aqu\u00ed os dejo la portada del nuevo libro de Chris Beckett, que se llamar\u00e1 Two Tribes. El detalle de la bandera es lo que m\u00e1s me llama la atenci\u00f3n. \u00bfQu\u00e9 creeis que significar\u00e1?<\/p>\n","protected":false},"author":1,"featured_media":0,"comment_status":"open","ping_status":"open","sticky":false,"template":"","format":"standard","meta":{"jetpack_post_was_ever_published":false,"_jetpack_newsletter_access":"","_jetpack_dont_email_post_to_subs":false,"_jetpack_newsletter_tier_id":0,"_jetpack_memberships_contains_paywalled_content":false,"_jetpack_memberships_contains_paid_content":false,"footnotes":""},"categories":[830,10],"tags":[195,190,96],"class_list":["post-10313","post","type-post","status-publish","format-standard","hentry","category-artistas","category-ciencia-ficcion-2","tag-chris-beckett","tag-noticias","tag-portadas"],"jetpack_featured_media_url":"","jetpack_shortlink":"https:\/\/wp.me\/p5fEpk-2Gl","jetpack_sharing_enabled":true,"_links":{"self":[{"href":"https:\/\/www.fantasticaficcion.com\/index.php\/wp-json\/wp\/v2\/posts\/10313","targetHints":{"allow":["GET"]}}],"collection":[{"href":"https:\/\/www.fantasticaficcion.com\/index.php\/wp-json\/wp\/v2\/posts"}],"about":[{"href":"https:\/\/www.fantasticaficcion.com\/index.php\/wp-json\/wp\/v2\/types\/post"}],"author":[{"embeddable":true,"href":"https:\/\/www.fantasticaficcion.com\/index.php\/wp-json\/wp\/v2\/users\/1"}],"replies":[{"embeddable":true,"href":"https:\/\/www.fantasticaficcion.com\/index.php\/wp-json\/wp\/v2\/comments?post=10313"}],"version-history":[{"count":1,"href":"https:\/\/www.fantasticaficcion.com\/index.php\/wp-json\/wp\/v2\/posts\/10313\/revisions"}],"predecessor-version":[{"id":10315,"href":"https:\/\/www.fantasticaficcion.com\/index.php\/wp-json\/wp\/v2\/posts\/10313\/revisions\/10315"}],"wp:attachment":[{"href":"https:\/\/www.fantasticaficcion.com\/index.php\/wp-json\/wp\/v2\/media?parent=10313"}],"wp:term":[{"taxonomy":"category","embeddable":true,"href":"https:\/\/www.fantasticaficcion.com\/index.php\/wp-json\/wp\/v2\/categories?post=10313"},{"taxonomy":"post_tag","embeddable":true,"href":"https:\/\/www.fantasticaficcion.com\/index.php\/wp-json\/wp\/v2\/tags?post=10313"}],"curies":[{"name":"wp","href":"https:\/\/api.w.org\/{rel}","templated":true}]}}