{"id":10263,"date":"2019-12-03T05:30:39","date_gmt":"2019-12-03T05:30:39","guid":{"rendered":"http:\/\/www.fantasticaficcion.com\/?p=10263"},"modified":"2019-11-08T07:25:11","modified_gmt":"2019-11-08T07:25:11","slug":"anunciada-la-publicacion-de-she-who-became-the-sun","status":"publish","type":"post","link":"https:\/\/www.fantasticaficcion.com\/index.php\/anunciada-la-publicacion-de-she-who-became-the-sun\/","title":{"rendered":"Anunciada la publicaci\u00f3n de She Who Became the Sun"},"content":{"rendered":"\n<p>En primavera de 2021 <a href=\"https:\/\/www.tor.com\/2019\/11\/07\/announcing-she-who-became-the-sun-an-epic-alt-history-debut-from-shelley-parker-chan\/\">ver\u00e1 la luz <\/a><strong><em><a href=\"https:\/\/www.tor.com\/2019\/11\/07\/announcing-she-who-became-the-sun-an-epic-alt-history-debut-from-shelley-parker-chan\/\">She Who Became the Sun<\/a><\/em><\/strong>, la primera novela de Shelley Parker-Chan, una historia alternativa de la fundaci\u00f3n de la dinast\u00eda Ming.<\/p>\n\n\n\n<p>En la novela, una joven campesina con voluntad de hierro roba la identidad de su hermano y un gran destino. Desafiando las fronteras de g\u00e9nero con inteligencia e ingenio, su ambici\u00f3n le lleva a ser la l\u00edder de la rebeli\u00f3n contra los invasores mongoles. Pero su ascenso le lleva a encararse con el general m\u00e1s terrible del imperio: un eunuco tan atrapado por su g\u00e9nero como ella se ha liberado del suyo.<\/p>\n","protected":false},"excerpt":{"rendered":"<p>En primavera de 2021 ver\u00e1 la luz She Who Became the Sun, la primera novela de Shelley Parker-Chan, una historia alternativa de la fundaci\u00f3n de la dinast\u00eda Ming. En la novela, una joven campesina con voluntad de hierro roba la identidad de su hermano y un gran destino. Desafiando las fronteras de g\u00e9nero con inteligencia &hellip; <\/p>\n<p class=\"link-more\"><a href=\"https:\/\/www.fantasticaficcion.com\/index.php\/anunciada-la-publicacion-de-she-who-became-the-sun\/\" class=\"more-link\">Continuar leyendo<span class=\"screen-reader-text\"> &#8220;Anunciada la publicaci\u00f3n de She Who Became the Sun&#8221;<\/span><\/a><\/p>\n","protected":false},"author":1,"featured_media":0,"comment_status":"open","ping_status":"open","sticky":false,"template":"","format":"standard","meta":{"jetpack_post_was_ever_published":false,"_jetpack_newsletter_access":"","_jetpack_dont_email_post_to_subs":false,"_jetpack_newsletter_tier_id":0,"_jetpack_memberships_contains_paywalled_content":false,"_jetpack_memberships_contains_paid_content":false,"footnotes":""},"categories":[5],"tags":[190,1215],"class_list":["post-10263","post","type-post","status-publish","format-standard","hentry","category-fantasia","tag-noticias","tag-shelley-parker-chan"],"jetpack_featured_media_url":"","jetpack_shortlink":"https:\/\/wp.me\/p5fEpk-2Fx","jetpack_sharing_enabled":true,"_links":{"self":[{"href":"https:\/\/www.fantasticaficcion.com\/index.php\/wp-json\/wp\/v2\/posts\/10263","targetHints":{"allow":["GET"]}}],"collection":[{"href":"https:\/\/www.fantasticaficcion.com\/index.php\/wp-json\/wp\/v2\/posts"}],"about":[{"href":"https:\/\/www.fantasticaficcion.com\/index.php\/wp-json\/wp\/v2\/types\/post"}],"author":[{"embeddable":true,"href":"https:\/\/www.fantasticaficcion.com\/index.php\/wp-json\/wp\/v2\/users\/1"}],"replies":[{"embeddable":true,"href":"https:\/\/www.fantasticaficcion.com\/index.php\/wp-json\/wp\/v2\/comments?post=10263"}],"version-history":[{"count":1,"href":"https:\/\/www.fantasticaficcion.com\/index.php\/wp-json\/wp\/v2\/posts\/10263\/revisions"}],"predecessor-version":[{"id":10264,"href":"https:\/\/www.fantasticaficcion.com\/index.php\/wp-json\/wp\/v2\/posts\/10263\/revisions\/10264"}],"wp:attachment":[{"href":"https:\/\/www.fantasticaficcion.com\/index.php\/wp-json\/wp\/v2\/media?parent=10263"}],"wp:term":[{"taxonomy":"category","embeddable":true,"href":"https:\/\/www.fantasticaficcion.com\/index.php\/wp-json\/wp\/v2\/categories?post=10263"},{"taxonomy":"post_tag","embeddable":true,"href":"https:\/\/www.fantasticaficcion.com\/index.php\/wp-json\/wp\/v2\/tags?post=10263"}],"curies":[{"name":"wp","href":"https:\/\/api.w.org\/{rel}","templated":true}]}}