{"id":10258,"date":"2019-11-29T05:30:43","date_gmt":"2019-11-29T05:30:43","guid":{"rendered":"http:\/\/www.fantasticaficcion.com\/?p=10258"},"modified":"2019-11-07T14:06:37","modified_gmt":"2019-11-07T14:06:37","slug":"portada-de-a-declaration-of-the-rights-of-magicians","status":"publish","type":"post","link":"https:\/\/www.fantasticaficcion.com\/index.php\/portada-de-a-declaration-of-the-rights-of-magicians\/","title":{"rendered":"Portada de A Declaration of the Rights of Magicians"},"content":{"rendered":"\n<p>Orbit ha publicado <a href=\"https:\/\/www.orbitbooks.net\/2019\/11\/06\/cover-launch-a-declaration-of-the-rights-of-magicians\/?utm_source=social&amp;utm_medium=twitter&amp;utm_campaign=a-declaration-of-the-rights-of-magicians\">la que ser\u00e1 portada<\/a> de <strong><em>A Declaration of the Rights of Magicians<\/em><\/strong> de H.G. Parry. La novela se publicar\u00e1 en junio de 2020. <\/p>\n\n\n\n<p>Aqu\u00ed os traigo la sinopsis:<\/p>\n\n\n\n<blockquote class=\"wp-block-quote is-layout-flow wp-block-quote-is-layout-flow\"><p><strong>A sweeping tale of revolution and wonder in a world not quite like our own.<\/strong><\/p><p>It is the Age of Enlightenment \u2014 of new and magical political movements, from the necromancer Robespierre calling for revolution in France to the weather mage Toussaint L\u2019Ouverture leading the slaves of Haiti in their fight for freedom, to the bold new Prime Minister William Pitt weighing the legalization of magic amongst commoners in Britain and abolition throughout its colonies overseas.\u00a0<\/p><p>But amidst all of the upheaval of the early modern world, there is an unknown force inciting all of human civilization into violent conflict. And it will require the combined efforts of revolutionaries, magicians, and abolitionists to unmask this hidden enemy before the whole world falls to darkness and chaos.<\/p><\/blockquote>\n\n\n\n<p>Mi traducci\u00f3n:<\/p>\n\n\n\n<blockquote class=\"wp-block-quote is-layout-flow wp-block-quote-is-layout-flow\"><p><strong>Una historia de revoluci\u00f3n y maravilla en un mundo distinto al nuestro.<\/strong><\/p><p>Es la Era de la Ilustraci\u00f3n, la era de nuevos y m\u00e1gicos movimientos pol\u00edticos, desde el necromante Robespierre clamando por la revoluci\u00f3n en Francia al mago del tiempo Toussaint L\u2019Ouverture liderando a los esclavos de Hait\u00ed en su lucha por la libertad, al atrevido primer ministro William Pitt sopesando la legaci\u00f3n de la magia entre los plebeyos del Reino Unido y la abolici\u00f3n de la esclavitud en la colonias.<\/p><p>Pero en medio de todo este despertar del mundo moderno, hay una fuerza desconocida incitando a toda la humanidad a un conflicto violento. Y ser\u00e1 necesario el esfuerzo conjunto de los revolucionarios, los magos y los abolicionistas para desenmascarar al enemigo oculto antes de que el mundo caiga en la oscuridad y el caos.<\/p><\/blockquote>\n\n\n\n<p>Esta es la portada:<\/p>\n\n\n\n<div class=\"wp-block-image\"><figure class=\"aligncenter\"><img loading=\"lazy\" decoding=\"async\" width=\"432\" height=\"666\" src=\"https:\/\/www.fantasticaficcion.com\/wp-content\/uploads\/2019\/11\/Parry_Declaration-of-the-Rights-of-Magicians_TP.jpg\" alt=\"\" class=\"wp-image-10259\" srcset=\"https:\/\/www.fantasticaficcion.com\/wp-content\/uploads\/2019\/11\/Parry_Declaration-of-the-Rights-of-Magicians_TP.jpg 432w, https:\/\/www.fantasticaficcion.com\/wp-content\/uploads\/2019\/11\/Parry_Declaration-of-the-Rights-of-Magicians_TP-195x300.jpg 195w\" sizes=\"auto, (max-width: 432px) 100vw, 432px\" \/><\/figure><\/div>\n","protected":false},"excerpt":{"rendered":"<p>Orbit ha publicado la que ser\u00e1 portada de A Declaration of the Rights of Magicians de H.G. Parry. La novela se publicar\u00e1 en junio de 2020. Aqu\u00ed os traigo la sinopsis: A sweeping tale of revolution and wonder in a world not quite like our own. It is the Age of Enlightenment \u2014 of new &hellip; <\/p>\n<p class=\"link-more\"><a href=\"https:\/\/www.fantasticaficcion.com\/index.php\/portada-de-a-declaration-of-the-rights-of-magicians\/\" class=\"more-link\">Continuar leyendo<span class=\"screen-reader-text\"> &#8220;Portada de A Declaration of the Rights of Magicians&#8221;<\/span><\/a><\/p>\n","protected":false},"author":1,"featured_media":10259,"comment_status":"open","ping_status":"open","sticky":false,"template":"","format":"standard","meta":{"jetpack_post_was_ever_published":false,"_jetpack_newsletter_access":"","_jetpack_dont_email_post_to_subs":false,"_jetpack_newsletter_tier_id":0,"_jetpack_memberships_contains_paywalled_content":false,"_jetpack_memberships_contains_paid_content":false,"footnotes":""},"categories":[5],"tags":[1214,190,96],"class_list":["post-10258","post","type-post","status-publish","format-standard","has-post-thumbnail","hentry","category-fantasia","tag-h-g-parry","tag-noticias","tag-portadas"],"jetpack_featured_media_url":"https:\/\/www.fantasticaficcion.com\/wp-content\/uploads\/2019\/11\/Parry_Declaration-of-the-Rights-of-Magicians_TP.jpg","jetpack_shortlink":"https:\/\/wp.me\/p5fEpk-2Fs","jetpack_sharing_enabled":true,"_links":{"self":[{"href":"https:\/\/www.fantasticaficcion.com\/index.php\/wp-json\/wp\/v2\/posts\/10258","targetHints":{"allow":["GET"]}}],"collection":[{"href":"https:\/\/www.fantasticaficcion.com\/index.php\/wp-json\/wp\/v2\/posts"}],"about":[{"href":"https:\/\/www.fantasticaficcion.com\/index.php\/wp-json\/wp\/v2\/types\/post"}],"author":[{"embeddable":true,"href":"https:\/\/www.fantasticaficcion.com\/index.php\/wp-json\/wp\/v2\/users\/1"}],"replies":[{"embeddable":true,"href":"https:\/\/www.fantasticaficcion.com\/index.php\/wp-json\/wp\/v2\/comments?post=10258"}],"version-history":[{"count":1,"href":"https:\/\/www.fantasticaficcion.com\/index.php\/wp-json\/wp\/v2\/posts\/10258\/revisions"}],"predecessor-version":[{"id":10260,"href":"https:\/\/www.fantasticaficcion.com\/index.php\/wp-json\/wp\/v2\/posts\/10258\/revisions\/10260"}],"wp:featuredmedia":[{"embeddable":true,"href":"https:\/\/www.fantasticaficcion.com\/index.php\/wp-json\/wp\/v2\/media\/10259"}],"wp:attachment":[{"href":"https:\/\/www.fantasticaficcion.com\/index.php\/wp-json\/wp\/v2\/media?parent=10258"}],"wp:term":[{"taxonomy":"category","embeddable":true,"href":"https:\/\/www.fantasticaficcion.com\/index.php\/wp-json\/wp\/v2\/categories?post=10258"},{"taxonomy":"post_tag","embeddable":true,"href":"https:\/\/www.fantasticaficcion.com\/index.php\/wp-json\/wp\/v2\/tags?post=10258"}],"curies":[{"name":"wp","href":"https:\/\/api.w.org\/{rel}","templated":true}]}}