{"id":10139,"date":"2019-10-15T05:30:18","date_gmt":"2019-10-15T05:30:18","guid":{"rendered":"http:\/\/www.fantasticaficcion.com\/?p=10139"},"modified":"2019-10-01T08:08:14","modified_gmt":"2019-10-01T08:08:14","slug":"portada-de-age-of-empyre","status":"publish","type":"post","link":"https:\/\/www.fantasticaficcion.com\/index.php\/portada-de-age-of-empyre\/","title":{"rendered":"Portada de Age of Empyre"},"content":{"rendered":"\n<p>Se ha dado a conocer cu\u00e1l ser\u00e1 la portada de<strong><em><a href=\"http:\/\/fantasy-faction.com\/2019\/age-of-empyre-by-michael-j-sullivan-cover-reveal\"> Age of Empyre<\/a><\/em><\/strong>, la \u00faltima entrega de su serie Legends of the First Empire. La fecha de publicaci\u00f3n es mayo de 2020.<\/p>\n\n\n\n<p>La portada es de Marc Simonetti.<\/p>\n\n\n\n<div class=\"wp-block-image\"><figure class=\"aligncenter\"><img loading=\"lazy\" decoding=\"async\" width=\"600\" height=\"843\" src=\"https:\/\/www.fantasticaficcion.com\/wp-content\/uploads\/2019\/10\/Age-of-Empyre-cover.jpg\" alt=\"\" class=\"wp-image-10140\" srcset=\"https:\/\/www.fantasticaficcion.com\/wp-content\/uploads\/2019\/10\/Age-of-Empyre-cover.jpg 600w, https:\/\/www.fantasticaficcion.com\/wp-content\/uploads\/2019\/10\/Age-of-Empyre-cover-214x300.jpg 214w\" sizes=\"auto, (max-width: 600px) 100vw, 600px\" \/><\/figure><\/div>\n\n\n\n<p><\/p>\n","protected":false},"excerpt":{"rendered":"<p>Se ha dado a conocer cu\u00e1l ser\u00e1 la portada de Age of Empyre, la \u00faltima entrega de su serie Legends of the First Empire. La fecha de publicaci\u00f3n es mayo de 2020. La portada es de Marc Simonetti.<\/p>\n","protected":false},"author":1,"featured_media":0,"comment_status":"open","ping_status":"open","sticky":false,"template":"","format":"standard","meta":{"jetpack_post_was_ever_published":false,"_jetpack_newsletter_access":"","_jetpack_dont_email_post_to_subs":false,"_jetpack_newsletter_tier_id":0,"_jetpack_memberships_contains_paywalled_content":false,"_jetpack_memberships_contains_paid_content":false,"footnotes":""},"categories":[5],"tags":[226,190,96],"class_list":["post-10139","post","type-post","status-publish","format-standard","hentry","category-fantasia","tag-michael-j-sullivan","tag-noticias","tag-portadas"],"jetpack_featured_media_url":"","jetpack_shortlink":"https:\/\/wp.me\/p5fEpk-2Dx","jetpack_sharing_enabled":true,"_links":{"self":[{"href":"https:\/\/www.fantasticaficcion.com\/index.php\/wp-json\/wp\/v2\/posts\/10139","targetHints":{"allow":["GET"]}}],"collection":[{"href":"https:\/\/www.fantasticaficcion.com\/index.php\/wp-json\/wp\/v2\/posts"}],"about":[{"href":"https:\/\/www.fantasticaficcion.com\/index.php\/wp-json\/wp\/v2\/types\/post"}],"author":[{"embeddable":true,"href":"https:\/\/www.fantasticaficcion.com\/index.php\/wp-json\/wp\/v2\/users\/1"}],"replies":[{"embeddable":true,"href":"https:\/\/www.fantasticaficcion.com\/index.php\/wp-json\/wp\/v2\/comments?post=10139"}],"version-history":[{"count":1,"href":"https:\/\/www.fantasticaficcion.com\/index.php\/wp-json\/wp\/v2\/posts\/10139\/revisions"}],"predecessor-version":[{"id":10141,"href":"https:\/\/www.fantasticaficcion.com\/index.php\/wp-json\/wp\/v2\/posts\/10139\/revisions\/10141"}],"wp:attachment":[{"href":"https:\/\/www.fantasticaficcion.com\/index.php\/wp-json\/wp\/v2\/media?parent=10139"}],"wp:term":[{"taxonomy":"category","embeddable":true,"href":"https:\/\/www.fantasticaficcion.com\/index.php\/wp-json\/wp\/v2\/categories?post=10139"},{"taxonomy":"post_tag","embeddable":true,"href":"https:\/\/www.fantasticaficcion.com\/index.php\/wp-json\/wp\/v2\/tags?post=10139"}],"curies":[{"name":"wp","href":"https:\/\/api.w.org\/{rel}","templated":true}]}}