{"id":10119,"date":"2019-10-04T05:30:34","date_gmt":"2019-10-04T05:30:34","guid":{"rendered":"http:\/\/www.fantasticaficcion.com\/?p=10119"},"modified":"2019-09-19T07:45:50","modified_gmt":"2019-09-19T07:45:50","slug":"portada-de-the-human","status":"publish","type":"post","link":"https:\/\/www.fantasticaficcion.com\/index.php\/portada-de-the-human\/","title":{"rendered":"Portada de The Human"},"content":{"rendered":"\n<p>Aqu\u00ed os traigo la portada de la<a href=\"https:\/\/twitter.com\/uktor\/status\/1174342339260813312?s=12\"> entrega final <\/a>de la trilog\u00eda<strong> Rise of the Jain<\/strong> de Neal Asher. Tendr\u00e1 por t\u00edtulo <strong><em>The Human<\/em><\/strong>. Tengo curiosidad por saber c\u00f3mo sigue esta historia que empez\u00f3 con <strong><em><a href=\"https:\/\/www.fantasticaficcion.com\/index.php\/the-soldier\/\">The Soldier<\/a><\/em><\/strong>.<\/p>\n\n\n\n<figure class=\"wp-block-image\"><img loading=\"lazy\" decoding=\"async\" width=\"682\" height=\"1024\" src=\"https:\/\/www.fantasticaficcion.com\/wp-content\/uploads\/2019\/09\/thehuman-682x1024.jpg\" alt=\"\" class=\"wp-image-10120\" srcset=\"https:\/\/www.fantasticaficcion.com\/wp-content\/uploads\/2019\/09\/thehuman-682x1024.jpg 682w, https:\/\/www.fantasticaficcion.com\/wp-content\/uploads\/2019\/09\/thehuman-200x300.jpg 200w, https:\/\/www.fantasticaficcion.com\/wp-content\/uploads\/2019\/09\/thehuman-768x1154.jpg 768w, https:\/\/www.fantasticaficcion.com\/wp-content\/uploads\/2019\/09\/thehuman.jpg 1024w\" sizes=\"auto, (max-width: 682px) 100vw, 682px\" \/><\/figure>\n","protected":false},"excerpt":{"rendered":"<p>Aqu\u00ed os traigo la portada de la entrega final de la trilog\u00eda Rise of the Jain de Neal Asher. Tendr\u00e1 por t\u00edtulo The Human. Tengo curiosidad por saber c\u00f3mo sigue esta historia que empez\u00f3 con The Soldier.<\/p>\n","protected":false},"author":1,"featured_media":10120,"comment_status":"open","ping_status":"open","sticky":false,"template":"","format":"standard","meta":{"jetpack_post_was_ever_published":false,"_jetpack_newsletter_access":"","_jetpack_dont_email_post_to_subs":false,"_jetpack_newsletter_tier_id":0,"_jetpack_memberships_contains_paywalled_content":false,"_jetpack_memberships_contains_paid_content":false,"footnotes":""},"categories":[10],"tags":[742,190,96],"class_list":["post-10119","post","type-post","status-publish","format-standard","has-post-thumbnail","hentry","category-ciencia-ficcion-2","tag-neal-asher","tag-noticias","tag-portadas"],"jetpack_featured_media_url":"https:\/\/www.fantasticaficcion.com\/wp-content\/uploads\/2019\/09\/thehuman.jpg","jetpack_shortlink":"https:\/\/wp.me\/p5fEpk-2Dd","jetpack_sharing_enabled":true,"_links":{"self":[{"href":"https:\/\/www.fantasticaficcion.com\/index.php\/wp-json\/wp\/v2\/posts\/10119","targetHints":{"allow":["GET"]}}],"collection":[{"href":"https:\/\/www.fantasticaficcion.com\/index.php\/wp-json\/wp\/v2\/posts"}],"about":[{"href":"https:\/\/www.fantasticaficcion.com\/index.php\/wp-json\/wp\/v2\/types\/post"}],"author":[{"embeddable":true,"href":"https:\/\/www.fantasticaficcion.com\/index.php\/wp-json\/wp\/v2\/users\/1"}],"replies":[{"embeddable":true,"href":"https:\/\/www.fantasticaficcion.com\/index.php\/wp-json\/wp\/v2\/comments?post=10119"}],"version-history":[{"count":1,"href":"https:\/\/www.fantasticaficcion.com\/index.php\/wp-json\/wp\/v2\/posts\/10119\/revisions"}],"predecessor-version":[{"id":10121,"href":"https:\/\/www.fantasticaficcion.com\/index.php\/wp-json\/wp\/v2\/posts\/10119\/revisions\/10121"}],"wp:featuredmedia":[{"embeddable":true,"href":"https:\/\/www.fantasticaficcion.com\/index.php\/wp-json\/wp\/v2\/media\/10120"}],"wp:attachment":[{"href":"https:\/\/www.fantasticaficcion.com\/index.php\/wp-json\/wp\/v2\/media?parent=10119"}],"wp:term":[{"taxonomy":"category","embeddable":true,"href":"https:\/\/www.fantasticaficcion.com\/index.php\/wp-json\/wp\/v2\/categories?post=10119"},{"taxonomy":"post_tag","embeddable":true,"href":"https:\/\/www.fantasticaficcion.com\/index.php\/wp-json\/wp\/v2\/tags?post=10119"}],"curies":[{"name":"wp","href":"https:\/\/api.w.org\/{rel}","templated":true}]}}