{"id":10103,"date":"2019-09-25T05:30:21","date_gmt":"2019-09-25T05:30:21","guid":{"rendered":"http:\/\/www.fantasticaficcion.com\/?p=10103"},"modified":"2019-09-17T10:12:04","modified_gmt":"2019-09-17T10:12:04","slug":"portada-de-the-war-of-the-maps","status":"publish","type":"post","link":"https:\/\/www.fantasticaficcion.com\/index.php\/portada-de-the-war-of-the-maps\/","title":{"rendered":"Portada de The War of the Maps"},"content":{"rendered":"\n<p>Casi de casualidad <a href=\"https:\/\/unlikelyworlds.blogspot.com\/2019\/09\/war-of-maps.html\">me he encontrado<\/a> con la portada del que ser\u00e1 nuevo libro de Paul McAuley, titualdo <b><i>The War of the Maps<\/i><\/b>, que se publicar\u00e1 el 19 de marzo del 2020 de la mano de Gollancz.<\/p>\n\n\n\n<p>Seg\u00fan las palabras del propio autor:<\/p>\n\n\n\n<blockquote class=\"wp-block-quote is-layout-flow wp-block-quote-is-layout-flow\"><p>[The novel&#8217;s themes] &#8230; the limits of heroism and how heroes are defined by the villains they pursue, and the razor-edge boundary between duty and obsession. This particular pursuit drives our hero to leave behind everything he knows and takes him into the heart of a war against a transformative alien invasion.<\/p><\/blockquote>\n\n\n\n<p>Mi traducci\u00f3n:<\/p>\n\n\n\n<blockquote class=\"wp-block-quote is-layout-flow wp-block-quote-is-layout-flow\"><p>Los temas de la novela son los l\u00edmites del heroismo,  c\u00f3mo se define a los h\u00e9roes por los villanos a los que persiguen y la fina l\u00ednea que divide el deber y la obsesi\u00f3n. Esta labor hace que nuestro h\u00e9roe deje atr\u00e1s todo lo que conoce y le lleva al coraz\u00f3n de una invasi\u00f3n alien\u00edgena.<\/p><\/blockquote>\n\n\n\n<p>Esta es la portada:<\/p>\n\n\n\n<div class=\"wp-block-image\"><figure class=\"aligncenter\"><img loading=\"lazy\" decoding=\"async\" width=\"332\" height=\"500\" src=\"https:\/\/www.fantasticaficcion.com\/wp-content\/uploads\/2019\/09\/warofmaps.jpg\" alt=\"\" class=\"wp-image-10104\" srcset=\"https:\/\/www.fantasticaficcion.com\/wp-content\/uploads\/2019\/09\/warofmaps.jpg 332w, https:\/\/www.fantasticaficcion.com\/wp-content\/uploads\/2019\/09\/warofmaps-199x300.jpg 199w\" sizes=\"auto, (max-width: 332px) 100vw, 332px\" \/><\/figure><\/div>\n","protected":false},"excerpt":{"rendered":"<p>Casi de casualidad me he encontrado con la portada del que ser\u00e1 nuevo libro de Paul McAuley, titualdo The War of the Maps, que se publicar\u00e1 el 19 de marzo del 2020 de la mano de Gollancz. Seg\u00fan las palabras del propio autor: [The novel&#8217;s themes] &#8230; the limits of heroism and how heroes are &hellip; <\/p>\n<p class=\"link-more\"><a href=\"https:\/\/www.fantasticaficcion.com\/index.php\/portada-de-the-war-of-the-maps\/\" class=\"more-link\">Continuar leyendo<span class=\"screen-reader-text\"> &#8220;Portada de The War of the Maps&#8221;<\/span><\/a><\/p>\n","protected":false},"author":1,"featured_media":10104,"comment_status":"open","ping_status":"open","sticky":false,"template":"","format":"standard","meta":{"jetpack_post_was_ever_published":false,"_jetpack_newsletter_access":"","_jetpack_dont_email_post_to_subs":false,"_jetpack_newsletter_tier_id":0,"_jetpack_memberships_contains_paywalled_content":false,"_jetpack_memberships_contains_paid_content":false,"footnotes":""},"categories":[830,10],"tags":[190,527,96],"class_list":["post-10103","post","type-post","status-publish","format-standard","has-post-thumbnail","hentry","category-artistas","category-ciencia-ficcion-2","tag-noticias","tag-paul-mcauley","tag-portadas"],"jetpack_featured_media_url":"https:\/\/www.fantasticaficcion.com\/wp-content\/uploads\/2019\/09\/warofmaps.jpg","jetpack_shortlink":"https:\/\/wp.me\/p5fEpk-2CX","jetpack_sharing_enabled":true,"_links":{"self":[{"href":"https:\/\/www.fantasticaficcion.com\/index.php\/wp-json\/wp\/v2\/posts\/10103","targetHints":{"allow":["GET"]}}],"collection":[{"href":"https:\/\/www.fantasticaficcion.com\/index.php\/wp-json\/wp\/v2\/posts"}],"about":[{"href":"https:\/\/www.fantasticaficcion.com\/index.php\/wp-json\/wp\/v2\/types\/post"}],"author":[{"embeddable":true,"href":"https:\/\/www.fantasticaficcion.com\/index.php\/wp-json\/wp\/v2\/users\/1"}],"replies":[{"embeddable":true,"href":"https:\/\/www.fantasticaficcion.com\/index.php\/wp-json\/wp\/v2\/comments?post=10103"}],"version-history":[{"count":1,"href":"https:\/\/www.fantasticaficcion.com\/index.php\/wp-json\/wp\/v2\/posts\/10103\/revisions"}],"predecessor-version":[{"id":10105,"href":"https:\/\/www.fantasticaficcion.com\/index.php\/wp-json\/wp\/v2\/posts\/10103\/revisions\/10105"}],"wp:featuredmedia":[{"embeddable":true,"href":"https:\/\/www.fantasticaficcion.com\/index.php\/wp-json\/wp\/v2\/media\/10104"}],"wp:attachment":[{"href":"https:\/\/www.fantasticaficcion.com\/index.php\/wp-json\/wp\/v2\/media?parent=10103"}],"wp:term":[{"taxonomy":"category","embeddable":true,"href":"https:\/\/www.fantasticaficcion.com\/index.php\/wp-json\/wp\/v2\/categories?post=10103"},{"taxonomy":"post_tag","embeddable":true,"href":"https:\/\/www.fantasticaficcion.com\/index.php\/wp-json\/wp\/v2\/tags?post=10103"}],"curies":[{"name":"wp","href":"https:\/\/api.w.org\/{rel}","templated":true}]}}